{"id":1996,"date":"2024-01-26T10:58:56","date_gmt":"2024-01-26T09:58:56","guid":{"rendered":"http:\/\/legacyinternational.rs\/vesti-sr\/legacy-international-sponsors-the-first-padel-belgrade-open\/"},"modified":"2024-01-26T11:01:58","modified_gmt":"2024-01-26T10:01:58","slug":"legacy-international-sponsors-the-first-padel-belgrade-open","status":"publish","type":"post","link":"https:\/\/legacyinternational.rs\/sr\/vesti-sr\/legacy-international-sponsors-the-first-padel-belgrade-open\/","title":{"rendered":"Legacy International sponzor prvog Padel Belgrade Opena"},"content":{"rendered":"<h4 style=\"text-align: center;\"><em>U <\/em><em>\u017eelji da podr\u017ei promociju i razvoj Padela u Srbiji, kompanija Legacy International bila je jedan od glavnih sponzora prvog me\u0111unarodnog padel turnira u Beogradu, pod nazivom &#8211; <\/em><em>Padel Belgrade Open<\/em><\/h4>\n<p>U eri sve ve\u0107e popularnosti i zastupljenosti sporta koji je brzo dobio epitet \u201cnajzanimljivijeg reket-sporta na svetu\u201d, u Beogradu je u septembru 2023. po prvi put odr\u017ean me\u0111unarodni padel turnir \u2013 Padel Belgrade Open.<\/p>\n<p>Odr\u017ean na jednoj od najatraktivnijih lokacija glavnog grada, na platou Geozavoda u \u201cBeogradu na vodi\u201d, turnir je odigran u \u010dak tri kategorije \u2013 Masters, Rekreativna i Miks, a za pobedu se nadmetalno 44 timova iz 6 zemalja. U najva\u017enijoj Masters kategoriji nastupile su ekipe iz Francuske, Gr\u010dke, Italije i Hrvatske, kao i dva tima iz Srbije.<\/p>\n<p>Kompanija Legacy International, bila je jedan od glavnih sponzora i partnera ovog zna\u010dajnog doga\u0111aja i time nastavila svoju podr\u0161ku razvoju ovog globalnog popularnog sporta u Srbiji, kako u takmi\u010darskom i rekreativnom segmentu, tako i klupskoj infrastrukturi \u0161irom zemlje.<\/p>\n<div class=\"gallery-wrapper\">\n<a href='https:\/\/legacyinternational.rs\/wp-content\/uploads\/2024\/01\/385019415_684497753291420_2896723241477467840_n-1.jpg' class='d-block gallery-item' data-fancybox='3004261010'  data-caption='<div class=\"d-flex flex-wrap justify-content-between\"><p class=\"description\"><\/p> <p class=\"signature\"><\/p><\/div>'>\n<figure class='position-relative mb-0'>\n<img src='https:\/\/legacyinternational.rs\/wp-content\/uploads\/2024\/01\/385019415_684497753291420_2896723241477467840_n-1.jpg' alt=''>\n<p class='image-source'><\/p>\n<\/figure>\n<p class='figcaption'><\/p>\n<p class='display-gallery d-flex align-items-center'>\n<span class='text-uppercase'>Gallery<\/span>\n<\/p>\n<\/a>\n<a href='https:\/\/legacyinternational.rs\/wp-content\/uploads\/2024\/01\/WhatsApp-Image-2024-01-26-at-09.10.48-1-1-scaled.jpeg' class='d-block gallery-item' data-fancybox='3004261010'  data-caption='<div class=\"d-flex flex-wrap justify-content-between\"><p class=\"description\"><\/p> <p class=\"signature\"><\/p><\/div>'>\n<figure class='position-relative mb-0'>\n<img src='https:\/\/legacyinternational.rs\/wp-content\/uploads\/2024\/01\/WhatsApp-Image-2024-01-26-at-09.10.48-1-1-scaled.jpeg' alt=''>\n<p class='image-source'><\/p>\n<\/figure>\n<p class='figcaption'><\/p>\n<p class='display-gallery d-flex align-items-center'>\n<span class='text-uppercase'>Gallery<\/span>\n<\/p>\n<\/a>\n<a href='https:\/\/legacyinternational.rs\/wp-content\/uploads\/2024\/01\/385916442_721264610039912_4803312156507466389_n-1.jpg' class='d-block gallery-item' data-fancybox='3004261010'  data-caption='<div class=\"d-flex flex-wrap justify-content-between\"><p class=\"description\"><\/p> <p class=\"signature\"><\/p><\/div>'>\n<figure class='position-relative mb-0'>\n<img src='https:\/\/legacyinternational.rs\/wp-content\/uploads\/2024\/01\/385916442_721264610039912_4803312156507466389_n-1.jpg' alt=''>\n<p class='image-source'><\/p>\n<\/figure>\n<p class='figcaption'><\/p>\n<p class='display-gallery d-flex align-items-center'>\n<span class='text-uppercase'>Gallery<\/span>\n<\/p>\n<\/a>\n<a href='https:\/\/legacyinternational.rs\/wp-content\/uploads\/2024\/01\/381180062_696196351981697_4565028846658616706_n-1.jpg' class='d-block gallery-item' data-fancybox='3004261010'  data-caption='<div class=\"d-flex flex-wrap justify-content-between\"><p class=\"description\"><\/p> <p class=\"signature\"><\/p><\/div>'>\n<figure class='position-relative mb-0'>\n<img src='https:\/\/legacyinternational.rs\/wp-content\/uploads\/2024\/01\/381180062_696196351981697_4565028846658616706_n-1.jpg' alt=''>\n<p class='image-source'><\/p>\n<\/figure>\n<p class='figcaption'><\/p>\n<p class='display-gallery d-flex align-items-center'>\n<span class='text-uppercase'>Gallery<\/span>\n<\/p>\n<\/a>\n<a href='https:\/\/legacyinternational.rs\/wp-content\/uploads\/2024\/01\/383815303_317810330830917_6115451313386013343_n.jpg' class='d-block gallery-item' data-fancybox='3004261010'  data-caption='<div class=\"d-flex flex-wrap justify-content-between\"><p class=\"description\"><\/p> <p class=\"signature\"><\/p><\/div>'>\n<figure class='position-relative mb-0'>\n<img src='https:\/\/legacyinternational.rs\/wp-content\/uploads\/2024\/01\/383815303_317810330830917_6115451313386013343_n.jpg' alt=''>\n<p class='image-source'><\/p>\n<\/figure>\n<p class='figcaption'><\/p>\n<p class='display-gallery d-flex align-items-center'>\n<span class='text-uppercase'>Gallery<\/span>\n<\/p>\n<\/a>\n<\/div>\n\n<p>Pred sam po\u010detak turnira odr\u017eavana je i konferencija za medije, na kojoj je jedna od govornika bio i direktor kompanije Legacy International, \u0110or\u0111e \u0110okovi\u0107, u svojstvu ambasadora i u\u010desnika turnira.<\/p>\n<p>\u201ePonosan sam \u0161to mi je ukazana \u010dast da u\u010de\u0161\u0107em u veoma jakoj konkurenciji na ovom turniru predstavljam na\u0161 glavni grad i dr\u017eavu na me\u0111unarodnoj sceni sporta sa najdinami\u010dijim razvojem na svetu. Nadam da se \u0107e se \u0161to ve\u0107i broj posetilaca odazvati pozivu da prisustvuje turniru predstoje\u0107eg vikenda i u\u017eiva u svim \u010darima ovog sporta. Kako bih dodatno podr\u017eao razvoj padela i napore organizatora ovog turnira, pored u\u010de\u0161\u0107a, podr\u0161ku sam pru\u017eio i kroz sponzorstvo moje kompanije Legacy International\u201c, istakao je \u0110okovi\u0107.<\/p>\n<blockquote class=\"instagram-media\" style=\"background: #FFF; border: 0; border-radius: 3px; box-shadow: 0 0 1px 0 rgba(0,0,0,0.5),0 1px 10px 0 rgba(0,0,0,0.15); margin: 1px; max-width: 540px; min-width: 326px; padding: 0; width: calc(100% - 2px);\" data-instgrm-permalink=\"https:\/\/www.instagram.com\/reel\/CzggiMVoni-\/?utm_source=ig_embed&amp;utm_campaign=loading\" data-instgrm-version=\"14\">\n<div style=\"padding: 16px;\">\n<p>&nbsp;<\/p>\n<div style=\"display: flex; flex-direction: row; align-items: center;\">\n<div style=\"background-color: #f4f4f4; border-radius: 50%; flex-grow: 0; height: 40px; margin-right: 14px; width: 40px;\"><\/div>\n<div style=\"display: flex; flex-direction: column; flex-grow: 1; justify-content: center;\">\n<div style=\"background-color: #f4f4f4; border-radius: 4px; flex-grow: 0; height: 14px; margin-bottom: 6px; width: 100px;\"><\/div>\n<div style=\"background-color: #f4f4f4; border-radius: 4px; flex-grow: 0; height: 14px; width: 60px;\"><\/div>\n<\/div>\n<\/div>\n<div style=\"padding: 19% 0;\"><\/div>\n<div style=\"display: block; height: 50px; margin: 0 auto 12px; width: 50px;\"><\/div>\n<div style=\"padding-top: 8px;\">\n<div style=\"color: #3897f0; font-family: Arial,sans-serif; font-size: 14px; font-style: normal; font-weight: 550; line-height: 18px;\">View this post on Instagram<\/div>\n<\/div>\n<div style=\"padding: 12.5% 0;\"><\/div>\n<div style=\"display: flex; flex-direction: row; margin-bottom: 14px; align-items: center;\">\n<div>\n<div style=\"background-color: #f4f4f4; border-radius: 50%; height: 12.5px; width: 12.5px; transform: translateX(0px) translateY(7px);\"><\/div>\n<div style=\"background-color: #f4f4f4; height: 12.5px; transform: rotate(-45deg) translateX(3px) translateY(1px); width: 12.5px; flex-grow: 0; margin-right: 14px; margin-left: 2px;\"><\/div>\n<div style=\"background-color: #f4f4f4; border-radius: 50%; height: 12.5px; width: 12.5px; transform: translateX(9px) translateY(-18px);\"><\/div>\n<\/div>\n<div style=\"margin-left: 8px;\">\n<div style=\"background-color: #f4f4f4; border-radius: 50%; flex-grow: 0; height: 20px; width: 20px;\"><\/div>\n<div style=\"width: 0; height: 0; border-top: 2px solid transparent; border-left: 6px solid #f4f4f4; border-bottom: 2px solid transparent; transform: translateX(16px) translateY(-4px) rotate(30deg);\"><\/div>\n<\/div>\n<div style=\"margin-left: auto;\">\n<div style=\"width: 0px; border-top: 8px solid #F4F4F4; border-right: 8px solid transparent; transform: translateY(16px);\"><\/div>\n<div style=\"background-color: #f4f4f4; flex-grow: 0; height: 12px; width: 16px; transform: translateY(-4px);\"><\/div>\n<div style=\"width: 0; height: 0; border-top: 8px solid #F4F4F4; border-left: 8px solid transparent; transform: translateY(-4px) translateX(8px);\"><\/div>\n<\/div>\n<\/div>\n<div style=\"display: flex; flex-direction: column; flex-grow: 1; justify-content: center; margin-bottom: 24px;\">\n<div style=\"background-color: #f4f4f4; border-radius: 4px; flex-grow: 0; height: 14px; margin-bottom: 6px; width: 224px;\"><\/div>\n<div style=\"background-color: #f4f4f4; border-radius: 4px; flex-grow: 0; height: 14px; width: 144px;\"><\/div>\n<\/div>\n<p>&nbsp;<\/p>\n<p style=\"color: #c9c8cd; font-family: Arial,sans-serif; font-size: 14px; line-height: 17px; margin-bottom: 0; margin-top: 8px; overflow: hidden; padding: 8px 0 7px; text-align: center; text-overflow: ellipsis; white-space: nowrap;\"><a style=\"color: #c9c8cd; font-family: Arial,sans-serif; font-size: 14px; font-style: normal; font-weight: normal; line-height: 17px; text-decoration: none;\" href=\"https:\/\/www.instagram.com\/reel\/CzggiMVoni-\/?utm_source=ig_embed&amp;utm_campaign=loading\" target=\"_blank\" rel=\"noopener\">A post shared by Padel Belgrade Open BMW (@padelbelgradeopen)<\/a><\/p>\n<\/div>\n<\/blockquote>\n<p><script async src=\"\/\/www.instagram.com\/embed.js\"><\/script><\/p>\n<p>Nakon konferencije za medije, u padel-centru koji je podignut za potrebe takmi\u010darskog programa Padel Belgrade Open turnira, na \u0161etali\u0161tu \u201cBeograda na vodi\u201d, u\u010desnici konferencije, me\u0111u kojima se na\u0161ao i jedan od najva\u017enijih globalnih promotera i eksperata za padel \u2013 Paskvale Rizo iz Italije. odigrali su i revijalni me\u010d i time najavili po\u010detak sportskog spektalka.<\/p>\n<p><img decoding=\"async\" class=\"wp-image-1969 aligncenter\" src=\"http:\/\/legacyinternational.rs\/wp-content\/uploads\/2024\/01\/1695925255-ATA03199-na-padel-terenu-foto-Ataimages-1536x1024-1-300x200.jpg\" alt=\"\" width=\"832\" height=\"555\" srcset=\"https:\/\/legacyinternational.rs\/wp-content\/uploads\/2024\/01\/1695925255-ATA03199-na-padel-terenu-foto-Ataimages-1536x1024-1-300x200.jpg 300w, https:\/\/legacyinternational.rs\/wp-content\/uploads\/2024\/01\/1695925255-ATA03199-na-padel-terenu-foto-Ataimages-1536x1024-1-1024x683.jpg 1024w, https:\/\/legacyinternational.rs\/wp-content\/uploads\/2024\/01\/1695925255-ATA03199-na-padel-terenu-foto-Ataimages-1536x1024-1-768x512.jpg 768w, https:\/\/legacyinternational.rs\/wp-content\/uploads\/2024\/01\/1695925255-ATA03199-na-padel-terenu-foto-Ataimages-1536x1024-1.jpg 1536w\" sizes=\"(max-width: 832px) 100vw, 832px\" \/><\/p>\n<p><img decoding=\"async\" class=\"wp-image-1971 aligncenter\" src=\"http:\/\/legacyinternational.rs\/wp-content\/uploads\/2024\/01\/1695925308-ATA03116-Djordje-Djokovic-1536x1024-1-300x200.jpg\" alt=\"\" width=\"827\" height=\"551\" srcset=\"https:\/\/legacyinternational.rs\/wp-content\/uploads\/2024\/01\/1695925308-ATA03116-Djordje-Djokovic-1536x1024-1-300x200.jpg 300w, https:\/\/legacyinternational.rs\/wp-content\/uploads\/2024\/01\/1695925308-ATA03116-Djordje-Djokovic-1536x1024-1-1024x683.jpg 1024w, https:\/\/legacyinternational.rs\/wp-content\/uploads\/2024\/01\/1695925308-ATA03116-Djordje-Djokovic-1536x1024-1-768x512.jpg 768w, https:\/\/legacyinternational.rs\/wp-content\/uploads\/2024\/01\/1695925308-ATA03116-Djordje-Djokovic-1536x1024-1.jpg 1536w\" sizes=\"(max-width: 827px) 100vw, 827px\" \/><\/p>\n","protected":false},"excerpt":{"rendered":"<p>U \u017eelji da podr\u017ei promociju i razvoj Padela u Srbiji, kompanija Legacy International bila je jedan od glavnih sponzora prvog me\u0111unarodnog padel turnira u Beogradu, pod nazivom &#8211; Padel Belgrade Open U eri sve ve\u0107e popularnosti i zastupljenosti sporta koji je brzo dobio epitet \u201cnajzanimljivijeg reket-sporta na svetu\u201d, u Beogradu je u septembru 2023. po [&hellip;]<\/p>\n","protected":false},"author":5,"featured_media":1991,"comment_status":"open","ping_status":"open","sticky":false,"template":"","format":"standard","meta":{"_acf_changed":false,"_seopress_robots_primary_cat":"none","_seopress_titles_title":"","_seopress_titles_desc":"","_seopress_robots_index":"","footnotes":""},"categories":[5],"tags":[],"class_list":["post-1996","post","type-post","status-publish","format-standard","has-post-thumbnail","hentry","category-vesti-sr"],"acf":[],"_links":{"self":[{"href":"https:\/\/legacyinternational.rs\/sr\/wp-json\/wp\/v2\/posts\/1996","targetHints":{"allow":["GET"]}}],"collection":[{"href":"https:\/\/legacyinternational.rs\/sr\/wp-json\/wp\/v2\/posts"}],"about":[{"href":"https:\/\/legacyinternational.rs\/sr\/wp-json\/wp\/v2\/types\/post"}],"author":[{"embeddable":true,"href":"https:\/\/legacyinternational.rs\/sr\/wp-json\/wp\/v2\/users\/5"}],"replies":[{"embeddable":true,"href":"https:\/\/legacyinternational.rs\/sr\/wp-json\/wp\/v2\/comments?post=1996"}],"version-history":[{"count":3,"href":"https:\/\/legacyinternational.rs\/sr\/wp-json\/wp\/v2\/posts\/1996\/revisions"}],"predecessor-version":[{"id":1999,"href":"https:\/\/legacyinternational.rs\/sr\/wp-json\/wp\/v2\/posts\/1996\/revisions\/1999"}],"wp:featuredmedia":[{"embeddable":true,"href":"https:\/\/legacyinternational.rs\/sr\/wp-json\/wp\/v2\/media\/1991"}],"wp:attachment":[{"href":"https:\/\/legacyinternational.rs\/sr\/wp-json\/wp\/v2\/media?parent=1996"}],"wp:term":[{"taxonomy":"category","embeddable":true,"href":"https:\/\/legacyinternational.rs\/sr\/wp-json\/wp\/v2\/categories?post=1996"},{"taxonomy":"post_tag","embeddable":true,"href":"https:\/\/legacyinternational.rs\/sr\/wp-json\/wp\/v2\/tags?post=1996"}],"curies":[{"name":"wp","href":"https:\/\/api.w.org\/{rel}","templated":true}]}}